{"id":301,"date":"2018-09-06T09:16:57","date_gmt":"2018-09-06T09:16:57","guid":{"rendered":"https:\/\/ninetheme.com\/themes\/landium\/?p=301"},"modified":"2018-09-06T09:16:57","modified_gmt":"2018-09-06T09:16:57","slug":"ideal-interface","status":"publish","type":"post","link":"https:\/\/residenciaadultomayorpaulina.cl\/index.php\/2018\/09\/06\/ideal-interface\/","title":{"rendered":"Ideal interface"},"content":{"rendered":"<p>\t\t\t\tNe duo laudem complectitur, et dicta scripserit his. Cu maiorum scriptorem sea, sea graecis temporibus ut. Regione reprehendunt an ius. At vis dolorum facilisi, ne vim munere doctus liberavisse, sed oratio integre dissentiunt in. Est option oportere indoctum et, id tollit probatus sit. Qui case probatus cu.<\/p>\n<blockquote><p>Ne duo laudem complectitur, et dicta scripserit his. Cu maiorum scriptorem sea, sea graecis temporibus ut. Regione reprehendunt an ius.<\/p><\/blockquote>\n<p>Ne mei numquam theophrastus, ei dolor exerci consectetuer sea, homero tamquam accusam te nam. Ut sed tota semper nusquam, ad mea graeci forensibus,<span style=\"color: #ff6600;\"><strong> cu tamquam sensibus vis<\/strong><\/span>. Eruditi delicata et usu. Pro movet omnes debitis at. <del>Liber invenire praesent ius ex.<\/del><\/p>\n<p><strong>Ne duo laudem complectitur, et dicta scripserit his. Cu maiorum scriptorem sea, sea graecis temporibus ut. Regione reprehendunt an ius. At vis dolorum facilisi, ne vim munere doctus liberavisse, sed oratio integre dissentiunt in. Est option oportere indoctum et, id tollit probatus sit. Qui case probatus cu.<\/strong>\t\t<\/p>\n","protected":false},"excerpt":{"rendered":"<p>Ne duo laudem complectitur, et dicta scripserit his. Cu maiorum scriptorem sea, sea graecis temporibus ut. Regione reprehendunt an ius. At vis dolorum facilisi, ne vim munere doctus liberavisse, sed oratio integre dissentiunt in. Est option oportere indoctum et, id tollit probatus sit. Qui case probatus cu. Ne duo laudem complectitur, et dicta scripserit his. &#8230; <a title=\"Ideal interface\" class=\"read-more\" href=\"https:\/\/residenciaadultomayorpaulina.cl\/index.php\/2018\/09\/06\/ideal-interface\/\" aria-label=\"Read more about Ideal interface\">Read more<\/a><\/p>\n","protected":false},"author":2,"featured_media":0,"comment_status":"open","ping_status":"closed","sticky":false,"template":"","format":"standard","meta":{"_generate-full-width-content":""},"categories":[1],"tags":[],"yoast_head":"<!-- This site is optimized with the Yoast SEO plugin v18.4.1 - https:\/\/yoast.com\/wordpress\/plugins\/seo\/ -->\n<title>Ideal interface - Residencia Adulto Mayor Paulina<\/title>\n<meta name=\"robots\" content=\"index, follow, max-snippet:-1, max-image-preview:large, max-video-preview:-1\" \/>\n<link rel=\"canonical\" href=\"https:\/\/residenciaadultomayorpaulina.cl\/index.php\/2018\/09\/06\/ideal-interface\/\" \/>\n<meta property=\"og:locale\" content=\"es_ES\" \/>\n<meta property=\"og:type\" content=\"article\" \/>\n<meta property=\"og:title\" content=\"Ideal interface - Residencia Adulto Mayor Paulina\" \/>\n<meta property=\"og:description\" content=\"Ne duo laudem complectitur, et dicta scripserit his. Cu maiorum scriptorem sea, sea graecis temporibus ut. Regione reprehendunt an ius. At vis dolorum facilisi, ne vim munere doctus liberavisse, sed oratio integre dissentiunt in. Est option oportere indoctum et, id tollit probatus sit. Qui case probatus cu. Ne duo laudem complectitur, et dicta scripserit his. ... Read more\" \/>\n<meta property=\"og:url\" content=\"https:\/\/residenciaadultomayorpaulina.cl\/index.php\/2018\/09\/06\/ideal-interface\/\" \/>\n<meta property=\"og:site_name\" content=\"Residencia Adulto Mayor Paulina\" \/>\n<meta property=\"article:published_time\" content=\"2018-09-06T09:16:57+00:00\" \/>\n<meta name=\"twitter:card\" content=\"summary_large_image\" \/>\n<meta name=\"twitter:label1\" content=\"Written by\" \/>\n\t<meta name=\"twitter:data1\" content=\"Alejandro Valencia\" \/>\n\t<meta name=\"twitter:label2\" content=\"Est. reading time\" \/>\n\t<meta name=\"twitter:data2\" content=\"1 minuto\" \/>\n<script type=\"application\/ld+json\" class=\"yoast-schema-graph\">{\"@context\":\"https:\/\/schema.org\",\"@graph\":[{\"@type\":\"WebSite\",\"@id\":\"https:\/\/residenciaadultomayorpaulina.cl\/#website\",\"url\":\"https:\/\/residenciaadultomayorpaulina.cl\/\",\"name\":\"Residencia Adulto Mayor Paulina\",\"description\":\"Hogar de ancianos geri\u00e1trico en \u00d1u\u00f1oa. Seguro y confiable con el adulto mayor.\",\"potentialAction\":[{\"@type\":\"SearchAction\",\"target\":{\"@type\":\"EntryPoint\",\"urlTemplate\":\"https:\/\/residenciaadultomayorpaulina.cl\/?s={search_term_string}\"},\"query-input\":\"required name=search_term_string\"}],\"inLanguage\":\"es-CL\"},{\"@type\":\"WebPage\",\"@id\":\"https:\/\/residenciaadultomayorpaulina.cl\/index.php\/2018\/09\/06\/ideal-interface\/#webpage\",\"url\":\"https:\/\/residenciaadultomayorpaulina.cl\/index.php\/2018\/09\/06\/ideal-interface\/\",\"name\":\"Ideal interface - Residencia Adulto Mayor Paulina\",\"isPartOf\":{\"@id\":\"https:\/\/residenciaadultomayorpaulina.cl\/#website\"},\"datePublished\":\"2018-09-06T09:16:57+00:00\",\"dateModified\":\"2018-09-06T09:16:57+00:00\",\"author\":{\"@id\":\"https:\/\/residenciaadultomayorpaulina.cl\/#\/schema\/person\/3f893cd16939777c7a22e3f395eac46f\"},\"breadcrumb\":{\"@id\":\"https:\/\/residenciaadultomayorpaulina.cl\/index.php\/2018\/09\/06\/ideal-interface\/#breadcrumb\"},\"inLanguage\":\"es-CL\",\"potentialAction\":[{\"@type\":\"ReadAction\",\"target\":[\"https:\/\/residenciaadultomayorpaulina.cl\/index.php\/2018\/09\/06\/ideal-interface\/\"]}]},{\"@type\":\"BreadcrumbList\",\"@id\":\"https:\/\/residenciaadultomayorpaulina.cl\/index.php\/2018\/09\/06\/ideal-interface\/#breadcrumb\",\"itemListElement\":[{\"@type\":\"ListItem\",\"position\":1,\"name\":\"Portada\",\"item\":\"https:\/\/residenciaadultomayorpaulina.cl\/\"},{\"@type\":\"ListItem\",\"position\":2,\"name\":\"Ideal interface\"}]},{\"@type\":\"Person\",\"@id\":\"https:\/\/residenciaadultomayorpaulina.cl\/#\/schema\/person\/3f893cd16939777c7a22e3f395eac46f\",\"name\":\"Alejandro Valencia\",\"url\":\"https:\/\/residenciaadultomayorpaulina.cl\/index.php\/author\/avalencia\/\"}]}<\/script>\n<!-- \/ Yoast SEO plugin. -->","yoast_head_json":{"title":"Ideal interface - Residencia Adulto Mayor Paulina","robots":{"index":"index","follow":"follow","max-snippet":"max-snippet:-1","max-image-preview":"max-image-preview:large","max-video-preview":"max-video-preview:-1"},"canonical":"https:\/\/residenciaadultomayorpaulina.cl\/index.php\/2018\/09\/06\/ideal-interface\/","og_locale":"es_ES","og_type":"article","og_title":"Ideal interface - Residencia Adulto Mayor Paulina","og_description":"Ne duo laudem complectitur, et dicta scripserit his. Cu maiorum scriptorem sea, sea graecis temporibus ut. Regione reprehendunt an ius. At vis dolorum facilisi, ne vim munere doctus liberavisse, sed oratio integre dissentiunt in. Est option oportere indoctum et, id tollit probatus sit. Qui case probatus cu. Ne duo laudem complectitur, et dicta scripserit his. ... Read more","og_url":"https:\/\/residenciaadultomayorpaulina.cl\/index.php\/2018\/09\/06\/ideal-interface\/","og_site_name":"Residencia Adulto Mayor Paulina","article_published_time":"2018-09-06T09:16:57+00:00","twitter_card":"summary_large_image","twitter_misc":{"Written by":"Alejandro Valencia","Est. reading time":"1 minuto"},"schema":{"@context":"https:\/\/schema.org","@graph":[{"@type":"WebSite","@id":"https:\/\/residenciaadultomayorpaulina.cl\/#website","url":"https:\/\/residenciaadultomayorpaulina.cl\/","name":"Residencia Adulto Mayor Paulina","description":"Hogar de ancianos geri\u00e1trico en \u00d1u\u00f1oa. Seguro y confiable con el adulto mayor.","potentialAction":[{"@type":"SearchAction","target":{"@type":"EntryPoint","urlTemplate":"https:\/\/residenciaadultomayorpaulina.cl\/?s={search_term_string}"},"query-input":"required name=search_term_string"}],"inLanguage":"es-CL"},{"@type":"WebPage","@id":"https:\/\/residenciaadultomayorpaulina.cl\/index.php\/2018\/09\/06\/ideal-interface\/#webpage","url":"https:\/\/residenciaadultomayorpaulina.cl\/index.php\/2018\/09\/06\/ideal-interface\/","name":"Ideal interface - Residencia Adulto Mayor Paulina","isPartOf":{"@id":"https:\/\/residenciaadultomayorpaulina.cl\/#website"},"datePublished":"2018-09-06T09:16:57+00:00","dateModified":"2018-09-06T09:16:57+00:00","author":{"@id":"https:\/\/residenciaadultomayorpaulina.cl\/#\/schema\/person\/3f893cd16939777c7a22e3f395eac46f"},"breadcrumb":{"@id":"https:\/\/residenciaadultomayorpaulina.cl\/index.php\/2018\/09\/06\/ideal-interface\/#breadcrumb"},"inLanguage":"es-CL","potentialAction":[{"@type":"ReadAction","target":["https:\/\/residenciaadultomayorpaulina.cl\/index.php\/2018\/09\/06\/ideal-interface\/"]}]},{"@type":"BreadcrumbList","@id":"https:\/\/residenciaadultomayorpaulina.cl\/index.php\/2018\/09\/06\/ideal-interface\/#breadcrumb","itemListElement":[{"@type":"ListItem","position":1,"name":"Portada","item":"https:\/\/residenciaadultomayorpaulina.cl\/"},{"@type":"ListItem","position":2,"name":"Ideal interface"}]},{"@type":"Person","@id":"https:\/\/residenciaadultomayorpaulina.cl\/#\/schema\/person\/3f893cd16939777c7a22e3f395eac46f","name":"Alejandro Valencia","url":"https:\/\/residenciaadultomayorpaulina.cl\/index.php\/author\/avalencia\/"}]}},"_links":{"self":[{"href":"https:\/\/residenciaadultomayorpaulina.cl\/index.php\/wp-json\/wp\/v2\/posts\/301"}],"collection":[{"href":"https:\/\/residenciaadultomayorpaulina.cl\/index.php\/wp-json\/wp\/v2\/posts"}],"about":[{"href":"https:\/\/residenciaadultomayorpaulina.cl\/index.php\/wp-json\/wp\/v2\/types\/post"}],"author":[{"embeddable":true,"href":"https:\/\/residenciaadultomayorpaulina.cl\/index.php\/wp-json\/wp\/v2\/users\/2"}],"replies":[{"embeddable":true,"href":"https:\/\/residenciaadultomayorpaulina.cl\/index.php\/wp-json\/wp\/v2\/comments?post=301"}],"version-history":[{"count":0,"href":"https:\/\/residenciaadultomayorpaulina.cl\/index.php\/wp-json\/wp\/v2\/posts\/301\/revisions"}],"wp:attachment":[{"href":"https:\/\/residenciaadultomayorpaulina.cl\/index.php\/wp-json\/wp\/v2\/media?parent=301"}],"wp:term":[{"taxonomy":"category","embeddable":true,"href":"https:\/\/residenciaadultomayorpaulina.cl\/index.php\/wp-json\/wp\/v2\/categories?post=301"},{"taxonomy":"post_tag","embeddable":true,"href":"https:\/\/residenciaadultomayorpaulina.cl\/index.php\/wp-json\/wp\/v2\/tags?post=301"}],"curies":[{"name":"wp","href":"https:\/\/api.w.org\/{rel}","templated":true}]}}